{"id":1082,"date":"2021-02-21T11:13:08","date_gmt":"2021-02-21T10:13:08","guid":{"rendered":"https:\/\/www.svdjk-kleinenberg.de\/?p=1082"},"modified":"2021-02-21T18:21:08","modified_gmt":"2021-02-21T17:21:08","slug":"nachfragebuendelung","status":"publish","type":"post","link":"https:\/\/www.svdjk-kleinenberg.de\/index.php\/2021\/02\/21\/nachfragebuendelung\/","title":{"rendered":"Nachfrageb\u00fcndelung"},"content":{"rendered":"\n<p>Liebe Blau-Wei\u00dfe,<\/p>\n\n\n\n<p>Liebe Kleinenbergerinnen und Kleinenberger,<\/p>\n\n\n\n<p>wie Ihr sicherlich mitbekommen habt, soll nun auch Kleinenberg per Glasfaser erschlossen werden. Unsere B\u00fcrgermeisterin hat dazu vor kurzem bereits eine Mitteilung in die Haushalte verschickt. In Anbetracht der digitalen Herausforderungen und Chancen eine wirklich gute Nachricht, gerade f\u00fcr den l\u00e4ndlichen Raum. Dazu startet das ausf\u00fchrende Unternehmen, die Deutsche Glasfaser, vom 20. Februar bis zum 17. April 2021 eine Nachfrageb\u00fcndelung.\u00a0<\/p>\n\n\n\n<p>Den akutellen Stand k\u00f6nnt Ihr Euch hier erkundigen:<\/p>\n\n\n\n<p><a href=\"https:\/\/www.deutsche-glasfaser.de\/netzausbau\/gebiete\/lichtenau-vororte\/\">https:\/\/www.deutsche-glasfaser.de\/netzausbau\/gebiete\/lichtenau-vororte\/<\/a><\/p>\n\n\n\n<div class=\"wp-block-image\"><figure class=\"aligncenter size-large is-resized\"><img fetchpriority=\"high\" decoding=\"async\" src=\"https:\/\/www.svdjk-kleinenberg.de\/wp-content\/uploads\/2021\/02\/1200px-Deutsche_Glasfaser_logo.svg-1024x371-1.png\" alt=\"\" class=\"wp-image-1083\" width=\"377\" height=\"136\" srcset=\"https:\/\/www.svdjk-kleinenberg.de\/wp-content\/uploads\/2021\/02\/1200px-Deutsche_Glasfaser_logo.svg-1024x371-1.png 1024w, https:\/\/www.svdjk-kleinenberg.de\/wp-content\/uploads\/2021\/02\/1200px-Deutsche_Glasfaser_logo.svg-1024x371-1-300x109.png 300w, https:\/\/www.svdjk-kleinenberg.de\/wp-content\/uploads\/2021\/02\/1200px-Deutsche_Glasfaser_logo.svg-1024x371-1-768x278.png 768w\" sizes=\"(max-width: 377px) 85vw, 377px\" \/><\/figure><\/div>\n\n\n\n<p>Solltet Ihr jetzt dabei sein wollen, wenn diese Infrastruktur auch in unserem Ort aufgebaut wird, dann schlie\u00dft Ihr einen verbindlichen Vertrag mit der Deutschen Glasfaser zur Bereitstellung eines entsprechenden Anschlusses ab. Dies kann \u00fcber die Hotline, das Internet oder vor Ort im Sportheim (donnerstags \/ freitags, siehe Rundschreiben der DG, das Euch zugestellt wurde) geschehen.&nbsp;<\/p>\n\n\n\n<p>Nun haben wir eine Bitte an Euch: Solltet Ihr Euch f\u00fcr einen Vertrag mit der Deutschen Glasfaser entscheiden, erhaltet Ihr einen Onlinebonus. Dar\u00fcber hinaus K\u00f6nnen aber auch der Sportverein und andere Vereine, die das Partnerprogramm der Deutschen Glasfaser nutzen, eine Provision pro Vertrag bekommen.&nbsp;<\/p>\n\n\n\n<p>Daher freuen wir uns, wenn Ihr Euren Vertrag \u00fcber einen individuellen Link, der auf unserer Homepage geschaltet wird, online abschlie\u00dft. Denn NUR dann erhalten wir die Provision! Also, bitte macht von dieser M\u00f6glichkeit Gebrauch und holt Euch nicht nur Highspeed-Internet und Euren pers\u00f6nlichen Bonus, sondern unterst\u00fctzt auch die Vereine. Zurzeit stimmen sich die teilnehmenden Vereine und der Ortsvorsteher ab, um m\u00f6gliche Projekte auszuloten.&nbsp;<\/p>\n\n\n\n<p>Weitere Informationen folgen in den n\u00e4chsten Tagen.\u00a0<\/p>\n\n\n\n<p>Nicht vergessen, am Dienstag, 23.02.2021 um 19:00h findet die Online-Infoveranstaltung der Deutschen Glasfaser via Zoom statt:<\/p>\n\n\n\n<p><a href=\"https:\/\/deutsche-glasfaser.zoom.us\/j\/943-0425-6294\"><strong>>> Zum Online-Infoabend &lt;&lt;<\/strong><\/a><\/p>\n\n\n\n<p>Gerne stehen wir Euch zus\u00e4tzlich auch bei allen weiteren Fragen um den Glasfaseranschluss zur Verf\u00fcgung oder unterst\u00fctzen Euch bei der Vertragswahl inkl. der m\u00f6glichen Optionen. Unser Vorstandsmitglied Jochen Dickgreber, der als Multiplikator fungiert, freut sich auf Euch.\u00a0<\/p>\n\n\n\n<p>Kontaktaufnahme per E-Mail: info(at)svdjk-kleinenberg.de.<\/p>\n\n\n\n<p>Sportliche Gr\u00fc\u00dfe<\/p>\n\n\n\n<p>Der Vorstand<\/p>\n","protected":false},"excerpt":{"rendered":"<p>Liebe Blau-Wei\u00dfe, Liebe Kleinenbergerinnen und Kleinenberger, wie Ihr sicherlich mitbekommen habt, soll nun auch Kleinenberg per Glasfaser erschlossen werden. Unsere B\u00fcrgermeisterin hat dazu vor kurzem bereits eine Mitteilung in die Haushalte verschickt. In Anbetracht der digitalen Herausforderungen und Chancen eine wirklich gute Nachricht, gerade f\u00fcr den l\u00e4ndlichen Raum. Dazu startet das ausf\u00fchrende Unternehmen, die Deutsche &hellip; <a href=\"https:\/\/www.svdjk-kleinenberg.de\/index.php\/2021\/02\/21\/nachfragebuendelung\/\" class=\"more-link\"><span class=\"screen-reader-text\">\u201eNachfrageb\u00fcndelung\u201c <\/span>weiterlesen<\/a><\/p>\n","protected":false},"author":1,"featured_media":0,"comment_status":"closed","ping_status":"open","sticky":false,"template":"","format":"standard","meta":{"_seopress_robots_primary_cat":"","_seopress_titles_title":"","_seopress_titles_desc":"","_seopress_robots_index":"","ngg_post_thumbnail":0,"footnotes":""},"categories":[1],"tags":[],"class_list":["post-1082","post","type-post","status-publish","format-standard","hentry","category-aktuell"],"_links":{"self":[{"href":"https:\/\/www.svdjk-kleinenberg.de\/index.php\/wp-json\/wp\/v2\/posts\/1082","targetHints":{"allow":["GET"]}}],"collection":[{"href":"https:\/\/www.svdjk-kleinenberg.de\/index.php\/wp-json\/wp\/v2\/posts"}],"about":[{"href":"https:\/\/www.svdjk-kleinenberg.de\/index.php\/wp-json\/wp\/v2\/types\/post"}],"author":[{"embeddable":true,"href":"https:\/\/www.svdjk-kleinenberg.de\/index.php\/wp-json\/wp\/v2\/users\/1"}],"replies":[{"embeddable":true,"href":"https:\/\/www.svdjk-kleinenberg.de\/index.php\/wp-json\/wp\/v2\/comments?post=1082"}],"version-history":[{"count":4,"href":"https:\/\/www.svdjk-kleinenberg.de\/index.php\/wp-json\/wp\/v2\/posts\/1082\/revisions"}],"predecessor-version":[{"id":1089,"href":"https:\/\/www.svdjk-kleinenberg.de\/index.php\/wp-json\/wp\/v2\/posts\/1082\/revisions\/1089"}],"wp:attachment":[{"href":"https:\/\/www.svdjk-kleinenberg.de\/index.php\/wp-json\/wp\/v2\/media?parent=1082"}],"wp:term":[{"taxonomy":"category","embeddable":true,"href":"https:\/\/www.svdjk-kleinenberg.de\/index.php\/wp-json\/wp\/v2\/categories?post=1082"},{"taxonomy":"post_tag","embeddable":true,"href":"https:\/\/www.svdjk-kleinenberg.de\/index.php\/wp-json\/wp\/v2\/tags?post=1082"}],"curies":[{"name":"wp","href":"https:\/\/api.w.org\/{rel}","templated":true}]}}