{"id":1436,"date":"2022-04-06T07:19:00","date_gmt":"2022-04-06T05:19:00","guid":{"rendered":"https:\/\/www.svdjk-kleinenberg.de\/?p=1436"},"modified":"2022-04-06T12:30:31","modified_gmt":"2022-04-06T10:30:31","slug":"e-bike-bewegungsaktion","status":"publish","type":"post","link":"https:\/\/www.svdjk-kleinenberg.de\/index.php\/2022\/04\/06\/e-bike-bewegungsaktion\/","title":{"rendered":"NEUER TERMIN! Sicher unterwegs auf dem Elektrofahrrad"},"content":{"rendered":"\n<p>Das Pedelec ist ein perfektes Fortbewegungsmittel, welches sich gro\u00dfer Beliebtheit erfreut. Inzwischen besitzt rund jeder achte Privathaushalt in Deutschland mindestens ein Pedelec. Parallel zum Zuwachs der Pedelecs ist aber auch die Zahl der Unf\u00e4lle mit diesen gestiegen. Immer mehr B\u00fcrger*innen steigen auf ein Pedelec um, ohne mit den Besonderheiten der Fahrweise vertraut zu sein.&nbsp;<\/p>\n\n\n\n<div class=\"wp-block-image\"><figure class=\"alignleft size-large is-resized\"><a href=\"https:\/\/www.svdjk-kleinenberg.de\/wp-content\/uploads\/2022\/04\/2022-04-06-12_02_20-E-Bike_kleinenberg_Bewegungsaktion_verschoben.pdf-Adobe-Reader.jpg\"><img decoding=\"async\" src=\"https:\/\/www.svdjk-kleinenberg.de\/wp-content\/uploads\/2022\/04\/2022-04-06-12_02_20-E-Bike_kleinenberg_Bewegungsaktion_verschoben.pdf-Adobe-Reader-717x1024.jpg\" alt=\"\" class=\"wp-image-1457\" width=\"-21\" height=\"-30\" srcset=\"https:\/\/www.svdjk-kleinenberg.de\/wp-content\/uploads\/2022\/04\/2022-04-06-12_02_20-E-Bike_kleinenberg_Bewegungsaktion_verschoben.pdf-Adobe-Reader-717x1024.jpg 717w, https:\/\/www.svdjk-kleinenberg.de\/wp-content\/uploads\/2022\/04\/2022-04-06-12_02_20-E-Bike_kleinenberg_Bewegungsaktion_verschoben.pdf-Adobe-Reader-210x300.jpg 210w, https:\/\/www.svdjk-kleinenberg.de\/wp-content\/uploads\/2022\/04\/2022-04-06-12_02_20-E-Bike_kleinenberg_Bewegungsaktion_verschoben.pdf-Adobe-Reader-768x1096.jpg 768w, https:\/\/www.svdjk-kleinenberg.de\/wp-content\/uploads\/2022\/04\/2022-04-06-12_02_20-E-Bike_kleinenberg_Bewegungsaktion_verschoben.pdf-Adobe-Reader.jpg 908w\" sizes=\"(max-width: 709px) 85vw, (max-width: 909px) 67vw, (max-width: 984px) 61vw, (max-width: 1362px) 45vw, 600px\" \/><\/a><\/figure><\/div>\n\n\n\n<p>Diesem Aspekt m\u00f6chten der KreisSportBund Paderborn e.V. und der SV DJK Kleinenberg e.V. in Zusammenarbeit mit dem Radladen Eggebikes und der Kreispolizeibeh\u00f6rde Paderborn entgegenwirken.&nbsp;<\/p>\n\n\n\n<p>Als Teil einer Aktion rund um das Thema Bewegung und Naturschutz in Lichtenau, durchgef\u00fchrt von der Energiestadt Lichtenau, der Naturfreunde \u2013 Richard Hesse Stiftung, der Techniker Krankenkasse und der Gesunden Kommune, findet am 30. April 2022 ab 15:00 Uhr ein kostenloser Aktionstag zum Thema \u201eSicher unterwegs auf dem Elektrofahrrad\u201c statt. Beginnen wird der Tag mit einer Erl\u00e4uterung der technischen Details sowie einer Erkl\u00e4rung der Kosten, Energie- und Umweltbilanzen eines Elektrofahrrads durch den Radladen Eggebikes. Im Anschluss \u00fcbernimmt Polizeihauptkommissar Michael Eickhoff der Kreispolizeibeh\u00f6rde Paderborn. Er erl\u00e4utert die verkehrsrechtlichen Aspekte der Benutzung von Elektrofahrr\u00e4dern im \u00f6ffentlichen Stra\u00dfenverkehr und untermauert dies mit Hilfe von praktischen \u00dcbungen. Der Nachmittag wird mit einem gemeinsamen Grillen und Kaltgetr\u00e4nken ausklingen.<br>Wer ein eigenes Pedelec besitzt sollte dieses gerne mitbringen. Au\u00dferdem k\u00f6nnen unterschiedliche R\u00e4der vom Radladen Eggebikes im Rahmen dieses Tages ausprobiert werden.\u00a0<\/p>\n\n\n\n<p>Die Veranstaltung wird im Rahmen der Umsetzung des Programms \u201eBewegt \u00c4LTER werden in NRW!\u201c durch den Landessportbund NRW und die Landesregierung NRW gef\u00f6rdert.&nbsp;<\/p>\n\n\n\n<p>Wir freuen uns \u00fcber Ihre Anmeldung bei Carina Moss unter 05251 6833001 oder <a href=\"mailto:carina.moss@ksb-paderborn.de\">carina.moss@ksb-paderborn.de<\/a>.&nbsp;<\/p>\n","protected":false},"excerpt":{"rendered":"<p>Das Pedelec ist ein perfektes Fortbewegungsmittel, welches sich gro\u00dfer Beliebtheit erfreut. Inzwischen besitzt rund jeder achte Privathaushalt in Deutschland mindestens ein Pedelec. Parallel zum Zuwachs der Pedelecs ist aber auch die Zahl der Unf\u00e4lle mit diesen gestiegen. Immer mehr B\u00fcrger*innen steigen auf ein Pedelec um, ohne mit den Besonderheiten der Fahrweise vertraut zu sein.&nbsp; Diesem &hellip; <a href=\"https:\/\/www.svdjk-kleinenberg.de\/index.php\/2022\/04\/06\/e-bike-bewegungsaktion\/\" class=\"more-link\"><span class=\"screen-reader-text\">\u201eNEUER TERMIN! Sicher unterwegs auf dem Elektrofahrrad\u201c <\/span>weiterlesen<\/a><\/p>\n","protected":false},"author":1,"featured_media":0,"comment_status":"closed","ping_status":"open","sticky":false,"template":"","format":"standard","meta":{"_seopress_robots_primary_cat":"","_seopress_titles_title":"","_seopress_titles_desc":"","_seopress_robots_index":"","ngg_post_thumbnail":0,"footnotes":""},"categories":[1],"tags":[],"class_list":["post-1436","post","type-post","status-publish","format-standard","hentry","category-aktuell"],"_links":{"self":[{"href":"https:\/\/www.svdjk-kleinenberg.de\/index.php\/wp-json\/wp\/v2\/posts\/1436","targetHints":{"allow":["GET"]}}],"collection":[{"href":"https:\/\/www.svdjk-kleinenberg.de\/index.php\/wp-json\/wp\/v2\/posts"}],"about":[{"href":"https:\/\/www.svdjk-kleinenberg.de\/index.php\/wp-json\/wp\/v2\/types\/post"}],"author":[{"embeddable":true,"href":"https:\/\/www.svdjk-kleinenberg.de\/index.php\/wp-json\/wp\/v2\/users\/1"}],"replies":[{"embeddable":true,"href":"https:\/\/www.svdjk-kleinenberg.de\/index.php\/wp-json\/wp\/v2\/comments?post=1436"}],"version-history":[{"count":4,"href":"https:\/\/www.svdjk-kleinenberg.de\/index.php\/wp-json\/wp\/v2\/posts\/1436\/revisions"}],"predecessor-version":[{"id":1458,"href":"https:\/\/www.svdjk-kleinenberg.de\/index.php\/wp-json\/wp\/v2\/posts\/1436\/revisions\/1458"}],"wp:attachment":[{"href":"https:\/\/www.svdjk-kleinenberg.de\/index.php\/wp-json\/wp\/v2\/media?parent=1436"}],"wp:term":[{"taxonomy":"category","embeddable":true,"href":"https:\/\/www.svdjk-kleinenberg.de\/index.php\/wp-json\/wp\/v2\/categories?post=1436"},{"taxonomy":"post_tag","embeddable":true,"href":"https:\/\/www.svdjk-kleinenberg.de\/index.php\/wp-json\/wp\/v2\/tags?post=1436"}],"curies":[{"name":"wp","href":"https:\/\/api.w.org\/{rel}","templated":true}]}}