{"id":1502,"date":"2022-08-01T11:13:00","date_gmt":"2022-08-01T09:13:00","guid":{"rendered":"https:\/\/www.svdjk-kleinenberg.de\/?p=1502"},"modified":"2022-08-02T23:15:41","modified_gmt":"2022-08-02T21:15:41","slug":"lageplan-familienferienfestival","status":"publish","type":"post","link":"https:\/\/www.svdjk-kleinenberg.de\/index.php\/2022\/08\/01\/lageplan-familienferienfestival\/","title":{"rendered":"Lageplan &#8211; FamilienFerienFestival"},"content":{"rendered":"\n<p>Wie angek\u00fcndigt veranstalten wir gemeinsam mit der B\u00fcrger- und Energiestiftung Lichtenau am&nbsp;<strong>Samstag, den 06.08.2022<\/strong>&nbsp;erstmalig ein gro\u00dfes&nbsp;<strong>Ferien-Festival f\u00fcr Familien aus der Stadt Lichtenau<\/strong>&nbsp;auf dem Kleinenberger Sportgel\u00e4nde. Mittlerweile stehen eine Vielzahl an Attraktionen fest, wie Ihr unserem Lageplan entnehmen k\u00f6nnt:<\/p>\n\n\n<div class=\"wp-block-image\">\n<figure class=\"aligncenter size-large is-resized\"><a href=\"https:\/\/www.svdjk-kleinenberg.de\/wp-content\/uploads\/2022\/08\/Lageplan-4-scaled.jpg\" target=\"_blank\" rel=\"noreferrer noopener\"><img fetchpriority=\"high\" decoding=\"async\" src=\"https:\/\/www.svdjk-kleinenberg.de\/wp-content\/uploads\/2022\/08\/Lageplan-4-1024x724.jpg\" alt=\"\" class=\"wp-image-1544\" width=\"559\" height=\"395\" srcset=\"https:\/\/www.svdjk-kleinenberg.de\/wp-content\/uploads\/2022\/08\/Lageplan-4-1024x724.jpg 1024w, https:\/\/www.svdjk-kleinenberg.de\/wp-content\/uploads\/2022\/08\/Lageplan-4-300x212.jpg 300w, https:\/\/www.svdjk-kleinenberg.de\/wp-content\/uploads\/2022\/08\/Lageplan-4-768x543.jpg 768w, https:\/\/www.svdjk-kleinenberg.de\/wp-content\/uploads\/2022\/08\/Lageplan-4-1536x1086.jpg 1536w, https:\/\/www.svdjk-kleinenberg.de\/wp-content\/uploads\/2022\/08\/Lageplan-4-2048x1448.jpg 2048w, https:\/\/www.svdjk-kleinenberg.de\/wp-content\/uploads\/2022\/08\/Lageplan-4-1200x848.jpg 1200w\" sizes=\"(max-width: 559px) 85vw, 559px\" \/><\/a><figcaption>Aktuelle Version des Lageplans<\/figcaption><\/figure>\n<\/div>","protected":false},"excerpt":{"rendered":"<p>Wie angek\u00fcndigt veranstalten wir gemeinsam mit der B\u00fcrger- und Energiestiftung Lichtenau am&nbsp;Samstag, den 06.08.2022&nbsp;erstmalig ein gro\u00dfes&nbsp;Ferien-Festival f\u00fcr Familien aus der Stadt Lichtenau&nbsp;auf dem Kleinenberger Sportgel\u00e4nde. Mittlerweile stehen eine Vielzahl an Attraktionen fest, wie Ihr unserem Lageplan entnehmen k\u00f6nnt:<\/p>\n","protected":false},"author":1,"featured_media":0,"comment_status":"closed","ping_status":"open","sticky":false,"template":"","format":"standard","meta":{"_seopress_robots_primary_cat":"","_seopress_titles_title":"","_seopress_titles_desc":"","_seopress_robots_index":"","ngg_post_thumbnail":0,"footnotes":""},"categories":[22],"tags":[],"class_list":["post-1502","post","type-post","status-publish","format-standard","hentry","category-familienferienfestival"],"_links":{"self":[{"href":"https:\/\/www.svdjk-kleinenberg.de\/index.php\/wp-json\/wp\/v2\/posts\/1502","targetHints":{"allow":["GET"]}}],"collection":[{"href":"https:\/\/www.svdjk-kleinenberg.de\/index.php\/wp-json\/wp\/v2\/posts"}],"about":[{"href":"https:\/\/www.svdjk-kleinenberg.de\/index.php\/wp-json\/wp\/v2\/types\/post"}],"author":[{"embeddable":true,"href":"https:\/\/www.svdjk-kleinenberg.de\/index.php\/wp-json\/wp\/v2\/users\/1"}],"replies":[{"embeddable":true,"href":"https:\/\/www.svdjk-kleinenberg.de\/index.php\/wp-json\/wp\/v2\/comments?post=1502"}],"version-history":[{"count":15,"href":"https:\/\/www.svdjk-kleinenberg.de\/index.php\/wp-json\/wp\/v2\/posts\/1502\/revisions"}],"predecessor-version":[{"id":1545,"href":"https:\/\/www.svdjk-kleinenberg.de\/index.php\/wp-json\/wp\/v2\/posts\/1502\/revisions\/1545"}],"wp:attachment":[{"href":"https:\/\/www.svdjk-kleinenberg.de\/index.php\/wp-json\/wp\/v2\/media?parent=1502"}],"wp:term":[{"taxonomy":"category","embeddable":true,"href":"https:\/\/www.svdjk-kleinenberg.de\/index.php\/wp-json\/wp\/v2\/categories?post=1502"},{"taxonomy":"post_tag","embeddable":true,"href":"https:\/\/www.svdjk-kleinenberg.de\/index.php\/wp-json\/wp\/v2\/tags?post=1502"}],"curies":[{"name":"wp","href":"https:\/\/api.w.org\/{rel}","templated":true}]}}