{"id":1589,"date":"2022-08-29T09:01:28","date_gmt":"2022-08-29T07:01:28","guid":{"rendered":"https:\/\/www.svdjk-kleinenberg.de\/?p=1589"},"modified":"2022-08-29T09:02:45","modified_gmt":"2022-08-29T07:02:45","slug":"djk-kleinenberg-trauert-um-ehrenmitglied","status":"publish","type":"post","link":"https:\/\/www.svdjk-kleinenberg.de\/index.php\/2022\/08\/29\/djk-kleinenberg-trauert-um-ehrenmitglied\/","title":{"rendered":"DJK Kleinenberg trauert um Ehrenmitglied"},"content":{"rendered":"<div class=\"wp-block-image\">\n<figure class=\"alignleft size-full is-resized\"><img decoding=\"async\" src=\"https:\/\/www.svdjk-kleinenberg.de\/wp-content\/uploads\/2022\/08\/image.png\" alt=\"\" class=\"wp-image-1590\" width=\"137\" height=\"207\"\/><\/figure>\n<\/div>\n\n\n<p>Der Sportverein DJK Kleinenberg trauert um sein Ehrenmitglied Alfred Prange, der im Alter von 83 Jahren verstorben ist. Alfred Prange war 65 Jahre Mitglied unseres Vereins. Dabei wirkte er unerm\u00fcdlich in Projekten und der allt\u00e4glichen Vereinsarbeit, teils als stiller Helfer im Hintergrund, mit. Zudem \u00fcbte er w\u00e4hrend der Spielzeiten des Vereins in der Bezirks- und Landesliga \u00fcber zwanzig Jahre lang die Aufgabe des Platzkassierers aus.\u00a0<\/p>\n\n\n\n<p> F\u00fcr seine Zuverl\u00e4ssigkeit und Hilfsbereitschaft wurde Alfred Prange im gesamten Verein und seinem Heimatort gesch\u00e4tzt und f\u00fcr seine Verdienste unter anderem mit dem DJK-Ehrenbrief in Gold ausgezeichnet. Der Sportverein DJK Kleinenberg wird ihm stets ein ehrendes Andenken bewahren.<\/p>\n","protected":false},"excerpt":{"rendered":"<p>Der Sportverein DJK Kleinenberg trauert um sein Ehrenmitglied Alfred Prange, der im Alter von 83 Jahren verstorben ist. Alfred Prange war 65 Jahre Mitglied unseres Vereins. Dabei wirkte er unerm\u00fcdlich in Projekten und der allt\u00e4glichen Vereinsarbeit, teils als stiller Helfer im Hintergrund, mit. Zudem \u00fcbte er w\u00e4hrend der Spielzeiten des Vereins in der Bezirks- und &hellip; <a href=\"https:\/\/www.svdjk-kleinenberg.de\/index.php\/2022\/08\/29\/djk-kleinenberg-trauert-um-ehrenmitglied\/\" class=\"more-link\"><span class=\"screen-reader-text\">\u201eDJK Kleinenberg trauert um Ehrenmitglied\u201c <\/span>weiterlesen<\/a><\/p>\n","protected":false},"author":1,"featured_media":0,"comment_status":"closed","ping_status":"open","sticky":false,"template":"","format":"standard","meta":{"_seopress_robots_primary_cat":"","_seopress_titles_title":"","_seopress_titles_desc":"","_seopress_robots_index":"","ngg_post_thumbnail":0,"footnotes":""},"categories":[1],"tags":[],"class_list":["post-1589","post","type-post","status-publish","format-standard","hentry","category-aktuell"],"_links":{"self":[{"href":"https:\/\/www.svdjk-kleinenberg.de\/index.php\/wp-json\/wp\/v2\/posts\/1589","targetHints":{"allow":["GET"]}}],"collection":[{"href":"https:\/\/www.svdjk-kleinenberg.de\/index.php\/wp-json\/wp\/v2\/posts"}],"about":[{"href":"https:\/\/www.svdjk-kleinenberg.de\/index.php\/wp-json\/wp\/v2\/types\/post"}],"author":[{"embeddable":true,"href":"https:\/\/www.svdjk-kleinenberg.de\/index.php\/wp-json\/wp\/v2\/users\/1"}],"replies":[{"embeddable":true,"href":"https:\/\/www.svdjk-kleinenberg.de\/index.php\/wp-json\/wp\/v2\/comments?post=1589"}],"version-history":[{"count":3,"href":"https:\/\/www.svdjk-kleinenberg.de\/index.php\/wp-json\/wp\/v2\/posts\/1589\/revisions"}],"predecessor-version":[{"id":1594,"href":"https:\/\/www.svdjk-kleinenberg.de\/index.php\/wp-json\/wp\/v2\/posts\/1589\/revisions\/1594"}],"wp:attachment":[{"href":"https:\/\/www.svdjk-kleinenberg.de\/index.php\/wp-json\/wp\/v2\/media?parent=1589"}],"wp:term":[{"taxonomy":"category","embeddable":true,"href":"https:\/\/www.svdjk-kleinenberg.de\/index.php\/wp-json\/wp\/v2\/categories?post=1589"},{"taxonomy":"post_tag","embeddable":true,"href":"https:\/\/www.svdjk-kleinenberg.de\/index.php\/wp-json\/wp\/v2\/tags?post=1589"}],"curies":[{"name":"wp","href":"https:\/\/api.w.org\/{rel}","templated":true}]}}