{"id":1633,"date":"2022-09-23T22:20:46","date_gmt":"2022-09-23T20:20:46","guid":{"rendered":"https:\/\/www.svdjk-kleinenberg.de\/?p=1633"},"modified":"2022-09-23T22:20:47","modified_gmt":"2022-09-23T20:20:47","slug":"tolle-auszeichnung-im-jubilaeumsjahr","status":"publish","type":"post","link":"https:\/\/www.svdjk-kleinenberg.de\/index.php\/2022\/09\/23\/tolle-auszeichnung-im-jubilaeumsjahr\/","title":{"rendered":"Tolle Auszeichnung im Jubil\u00e4umsjahr\u00a0"},"content":{"rendered":"\n<p><strong>DJK Kleinenberg wird im&nbsp;<\/strong><strong>\u201e<\/strong><strong>WestDerby<\/strong><strong>&nbsp;Zukunft<\/strong><strong>\u201c<\/strong><strong>&nbsp;f\u00fcr Nachhaltigkeit pr\u00e4miert&nbsp;<\/strong><\/p>\n\n\n\n<p>Sich seiner Tradition bewusst und dennoch stets den Blick nach vorn gerichtet \u2013 das hat sich der Sportverein auf die Fahne geschrieben. Zum 90-j\u00e4hrigen Jubil\u00e4um kann der Verein auf viele Errungenschaften und Erfolge zur\u00fcckblicken. Ein ums andere Mal haben die Blau-Wei\u00dfen sportlich Zeichen gesetzt sind neue Wege gegangen: ob Karneval, \u00fcberkreislicher Fu\u00dfball, Frauenfu\u00dfball, Gardetanz, Yoga, Bogenschie\u00dfen oder Sommer-Biathlon.\u00a0Seit einigen Jahren beweist der SVDJK seine Innovationskraft auch abseits des Feldes oder der B\u00fchne und begegnet den gro\u00dfen Herausforderungen\u00a0mit einer energetischen und infrastrukturellen Neuausrichtung.<\/p>\n\n\n\n<figure class=\"wp-block-image size-large\"><img fetchpriority=\"high\" decoding=\"async\" width=\"1024\" height=\"683\" src=\"https:\/\/www.svdjk-kleinenberg.de\/wp-content\/uploads\/2022\/09\/602D217D-FDC6-4AFD-89B8-C8FB8826128F-1024x683.jpeg\" alt=\"\" class=\"wp-image-1634\" srcset=\"https:\/\/www.svdjk-kleinenberg.de\/wp-content\/uploads\/2022\/09\/602D217D-FDC6-4AFD-89B8-C8FB8826128F-1024x683.jpeg 1024w, https:\/\/www.svdjk-kleinenberg.de\/wp-content\/uploads\/2022\/09\/602D217D-FDC6-4AFD-89B8-C8FB8826128F-300x200.jpeg 300w, https:\/\/www.svdjk-kleinenberg.de\/wp-content\/uploads\/2022\/09\/602D217D-FDC6-4AFD-89B8-C8FB8826128F-768x512.jpeg 768w, https:\/\/www.svdjk-kleinenberg.de\/wp-content\/uploads\/2022\/09\/602D217D-FDC6-4AFD-89B8-C8FB8826128F-1536x1024.jpeg 1536w, https:\/\/www.svdjk-kleinenberg.de\/wp-content\/uploads\/2022\/09\/602D217D-FDC6-4AFD-89B8-C8FB8826128F-2048x1365.jpeg 2048w, https:\/\/www.svdjk-kleinenberg.de\/wp-content\/uploads\/2022\/09\/602D217D-FDC6-4AFD-89B8-C8FB8826128F-1200x800.jpeg 1200w\" sizes=\"(max-width: 709px) 85vw, (max-width: 909px) 67vw, (max-width: 1362px) 62vw, 840px\" \/><\/figure>\n\n\n\n<!--more-->\n\n\n\n<p>Die Kleinenberger Sportler\u00a0geh\u00f6rten zu den ersten\u00a0der Region, die eine Photovoltaik-Anlage in Betrieb nahmen. Es folgten die Grundsanierung des Sportheims, die Installation einer Solarthermie-Anlage, die Regenwasser-Zisterne zur Rasenbew\u00e4sserung und jetzt aktuell die Inbetriebnahme der CO2-neutralen Hackschnitzelheizung. Zudem setzte man mit der Aktion \u201eGesunde Kiste\u201c, den Hochbeeten am Vereinsheim oder dem Sonnenblumenpflanzen \u00f6kologische Zeichen. F\u00fcr dieses Engagement\u00a0wurde der Verein im Jahr 2019 bereits mit dem 3. Platz beim\u00a0Wettbewerb\u00a0\u201eKlimaSieger\u201c gew\u00fcrdigt.<\/p>\n\n\n\n<p>Jetzt kam eine weitere Auszeichnung hinzu. Im \u201eMalkasten\u201c in D\u00fcsseldorf wurden am Abend des 21.&nbsp;Septembers&nbsp;im ersten Finale des Wettbewerbs \u201eWestDerby Zukunft\u201c mit dem SC Paderborn 07, dem TSC Eintracht Dortmund, der FC Hertha Bonn&nbsp;und dem SuS Ph\u00f6nix Dortmund 09 vier Sportvereine f\u00fcr ihre inspirierenden&nbsp;Nachhaltigkeitsprojekte ausgezeichnet.Der SV DJK Kleinenberg erreichte in der Kategorie \u201eMittelgro\u00dfe Verein\u201c hinter dem FC Hertha Bonn den 2. Rang. Der Klub aus der Beethoven-Stadt war \u00f6kologisch\/energetisch&nbsp;\u00e4hnlich aufgestellt wie die Kleinenberger, konnte aber zus\u00e4tzlich mit einer Vielzahl an sozialen Projekten punkten.<\/p>\n\n\n\n<p>Der Wettbewerb wurde zum ersten Mal von RENN.west durchgef\u00fchrt und ist Teil der&nbsp;Kampagne \u201eZiele brauchen Taten\u201c, die Nachhaltigkeit im Sport st\u00e4rkt. Die Nominierten&nbsp;sowie die Gewinner wurden von einer Fachjury aus rund 100 Bewerbungen ausgew\u00e4hlt.RENN.west ist die Regionale Netzstelle Nachhaltigkeitsstrategien West, ein Netzwerk des&nbsp;Rates f\u00fcr Nachhaltige Entwicklung der Bundesregierung.<\/p>\n\n\n\n<p>Am Nachmittag&nbsp;konnten die Nominierten ihre Projekte zur nachhaltigen Entwicklung im Verein nochmals im&nbsp;Rahmen der Zukunftskonferenz&nbsp;\u201eAufstieg in die Erste Liga Nachhaltigkeit\u201c von RENN.west pr\u00e4sentieren \u2013 vor rund 80&nbsp;Teilnehmenden aus verschiedenen Sport- und Nachhaltigkeitskontexten.&nbsp;Oliver Mehring und Frank Br\u00fc\u00df vertraten den Sportverein bei der Veranstaltung. \u201eMit unseren Projekten im Bereich der Nachhaltigkeit wollen wir&nbsp;einen Beitrag zum Klimaschutz leisten und die Zukunftsf\u00e4higkeit unseres Vereins sicherstellen. Dar\u00fcber hinaus bringen wir mit diesen \u00fcbergeordneten Zielen viele Menschen zusammen und st\u00e4rken unsere Gemeinschaft und das Ehrenamt. Im besten Falle schaffen wir es, Vorbild zu sein und andere f\u00fcr diese Themen und Konzepte zu begeistern\u201c, erkl\u00e4rte&nbsp;Frank bei der Pr\u00e4sentation. Moderator und 11Freunde-Chefredakteur Philipp K\u00f6ster lobte am&nbsp;Abend die \u201etolle Performance, die ihr heute hingelegt habt.\u201c Als Laudatoren traten Degen-Olympiasiegerin Britta Heidemann und Zehnkampf-Silbermedaillengewinner Frank Busemann auf die B\u00fchne. \u201eBeide Vereine sind \u00dcberzeugungst\u00e4ter und zeigen, dass man auch im Kleinen extrem viel bewegen kann\u201c, so Busemann in seiner Rede zum FC Hertha Bonn und zum SV Kleinenberg.<a><\/a><\/p>\n","protected":false},"excerpt":{"rendered":"<p>DJK Kleinenberg wird im&nbsp;\u201eWestDerby&nbsp;Zukunft\u201c&nbsp;f\u00fcr Nachhaltigkeit pr\u00e4miert&nbsp; Sich seiner Tradition bewusst und dennoch stets den Blick nach vorn gerichtet \u2013 das hat sich der Sportverein auf die Fahne geschrieben. Zum 90-j\u00e4hrigen Jubil\u00e4um kann der Verein auf viele Errungenschaften und Erfolge zur\u00fcckblicken. Ein ums andere Mal haben die Blau-Wei\u00dfen sportlich Zeichen gesetzt sind neue Wege gegangen: ob &hellip; <a href=\"https:\/\/www.svdjk-kleinenberg.de\/index.php\/2022\/09\/23\/tolle-auszeichnung-im-jubilaeumsjahr\/\" class=\"more-link\"><span class=\"screen-reader-text\">\u201eTolle Auszeichnung im Jubil\u00e4umsjahr\u00a0\u201c <\/span>weiterlesen<\/a><\/p>\n","protected":false},"author":1,"featured_media":0,"comment_status":"closed","ping_status":"open","sticky":false,"template":"","format":"standard","meta":{"_seopress_robots_primary_cat":"","_seopress_titles_title":"","_seopress_titles_desc":"","_seopress_robots_index":"","ngg_post_thumbnail":0,"footnotes":""},"categories":[1],"tags":[],"class_list":["post-1633","post","type-post","status-publish","format-standard","hentry","category-aktuell"],"_links":{"self":[{"href":"https:\/\/www.svdjk-kleinenberg.de\/index.php\/wp-json\/wp\/v2\/posts\/1633","targetHints":{"allow":["GET"]}}],"collection":[{"href":"https:\/\/www.svdjk-kleinenberg.de\/index.php\/wp-json\/wp\/v2\/posts"}],"about":[{"href":"https:\/\/www.svdjk-kleinenberg.de\/index.php\/wp-json\/wp\/v2\/types\/post"}],"author":[{"embeddable":true,"href":"https:\/\/www.svdjk-kleinenberg.de\/index.php\/wp-json\/wp\/v2\/users\/1"}],"replies":[{"embeddable":true,"href":"https:\/\/www.svdjk-kleinenberg.de\/index.php\/wp-json\/wp\/v2\/comments?post=1633"}],"version-history":[{"count":1,"href":"https:\/\/www.svdjk-kleinenberg.de\/index.php\/wp-json\/wp\/v2\/posts\/1633\/revisions"}],"predecessor-version":[{"id":1635,"href":"https:\/\/www.svdjk-kleinenberg.de\/index.php\/wp-json\/wp\/v2\/posts\/1633\/revisions\/1635"}],"wp:attachment":[{"href":"https:\/\/www.svdjk-kleinenberg.de\/index.php\/wp-json\/wp\/v2\/media?parent=1633"}],"wp:term":[{"taxonomy":"category","embeddable":true,"href":"https:\/\/www.svdjk-kleinenberg.de\/index.php\/wp-json\/wp\/v2\/categories?post=1633"},{"taxonomy":"post_tag","embeddable":true,"href":"https:\/\/www.svdjk-kleinenberg.de\/index.php\/wp-json\/wp\/v2\/tags?post=1633"}],"curies":[{"name":"wp","href":"https:\/\/api.w.org\/{rel}","templated":true}]}}