{"id":2214,"date":"2023-07-11T18:00:00","date_gmt":"2023-07-11T16:00:00","guid":{"rendered":"https:\/\/www.svdjk-kleinenberg.de\/?p=2214"},"modified":"2023-07-11T16:43:42","modified_gmt":"2023-07-11T14:43:42","slug":"hoch-die-haende-kinder-erlebnis-wochenende","status":"publish","type":"post","link":"https:\/\/www.svdjk-kleinenberg.de\/index.php\/2023\/07\/11\/hoch-die-haende-kinder-erlebnis-wochenende\/","title":{"rendered":"Hoch die H\u00e4nde \u2013 Kinder-Erlebnis-Wochenende!"},"content":{"rendered":"\n<p>Wenn\u00a0Kinder trotz Ferienlagerstimmung\u00a0abends ziemlich \u201ekaputt\u201c ins Bett fallen, dann war viel los am Tag.\u00a0So blieben die Kinder beim Erlebnis-Wochenende vor wenigen Tagen nat\u00fcrlich l\u00e4nger auf als sonst, dennoch trat die Nachtruhe in der Turnhalle relativ\u00a0schnell ein. Viele Eindr\u00fccke und ganz viel Bewegung sorgten f\u00fcr einen tiefen Schlaf, ehe es am Sonntagmorgen im Mehrzweckraum zum Fr\u00fchst\u00fccken und danach wieder nach Hause ging.<\/p>\n\n\n<div class=\"wp-block-image\">\n<figure class=\"aligncenter size-large is-resized\"><img fetchpriority=\"high\" decoding=\"async\" src=\"https:\/\/www.svdjk-kleinenberg.de\/wp-content\/uploads\/2023\/07\/image-1024x768.jpeg\" alt=\"\" class=\"wp-image-2216\" width=\"286\" height=\"214\" srcset=\"https:\/\/www.svdjk-kleinenberg.de\/wp-content\/uploads\/2023\/07\/image-1024x768.jpeg 1024w, https:\/\/www.svdjk-kleinenberg.de\/wp-content\/uploads\/2023\/07\/image-300x225.jpeg 300w, https:\/\/www.svdjk-kleinenberg.de\/wp-content\/uploads\/2023\/07\/image-768x576.jpeg 768w, https:\/\/www.svdjk-kleinenberg.de\/wp-content\/uploads\/2023\/07\/image-1536x1152.jpeg 1536w, https:\/\/www.svdjk-kleinenberg.de\/wp-content\/uploads\/2023\/07\/image-1200x900.jpeg 1200w, https:\/\/www.svdjk-kleinenberg.de\/wp-content\/uploads\/2023\/07\/image.jpeg 2048w\" sizes=\"(max-width: 286px) 85vw, 286px\" \/><\/figure>\n<\/div>\n\n\n<p>Unser Jugendausschuss hatte ein Programm voller Sport, Spa\u00df und Gemeinschaft auf die Beine gestellt und\u00a0empfing am Samstag um 9 Uhr die\u00a013\u00a0M\u00e4dchen und\u00a010\u00a0Jungen\u00a0zuerst\u00a0zum Ausflug nach Trendelburg. In 3er- und 4er-Kanus ging es dann \u00fcber die Diemel. Mehr als 3 Stunden verbrachten die blau-wei\u00dfen Kids auf dem Fluss, bevor es zur\u00fcck nach Kleinenberg ging.<\/p>\n\n\n<div class=\"wp-block-image\">\n<figure class=\"alignleft size-large is-resized\"><img decoding=\"async\" src=\"https:\/\/www.svdjk-kleinenberg.de\/wp-content\/uploads\/2023\/07\/55d6aeb6-088f-47ce-b9b1-d74012ddb2fc-577x1024.jpeg\" alt=\"\" class=\"wp-image-2218\" width=\"129\" height=\"228\" srcset=\"https:\/\/www.svdjk-kleinenberg.de\/wp-content\/uploads\/2023\/07\/55d6aeb6-088f-47ce-b9b1-d74012ddb2fc-577x1024.jpeg 577w, https:\/\/www.svdjk-kleinenberg.de\/wp-content\/uploads\/2023\/07\/55d6aeb6-088f-47ce-b9b1-d74012ddb2fc-169x300.jpeg 169w, https:\/\/www.svdjk-kleinenberg.de\/wp-content\/uploads\/2023\/07\/55d6aeb6-088f-47ce-b9b1-d74012ddb2fc-768x1364.jpeg 768w, https:\/\/www.svdjk-kleinenberg.de\/wp-content\/uploads\/2023\/07\/55d6aeb6-088f-47ce-b9b1-d74012ddb2fc-865x1536.jpeg 865w, https:\/\/www.svdjk-kleinenberg.de\/wp-content\/uploads\/2023\/07\/55d6aeb6-088f-47ce-b9b1-d74012ddb2fc.jpeg 901w\" sizes=\"(max-width: 129px) 85vw, 129px\" \/><\/figure>\n<\/div>\n\n\n<p>Im Anschluss an das gemeinsame Mittagessen richtete der DJK-Nachwuchs das neue Insektenhotel an der Rosenstra\u00dfe ein und ist sicher gespannt, welche\u00a0\u201eG\u00e4ste\u201c\u00a0in n\u00e4chster Zeit einziehen werden. Der Rest des Nachmittags stand zum Spielen und Toben auf dem Sportgel\u00e4nde zur Verf\u00fcgung.\u00a0<\/p>\n\n\n<div class=\"wp-block-image\">\n<figure class=\"aligncenter size-large is-resized\"><img decoding=\"async\" src=\"https:\/\/www.svdjk-kleinenberg.de\/wp-content\/uploads\/2023\/07\/image-1-768x1024.jpeg\" alt=\"\" class=\"wp-image-2217\" width=\"241\" height=\"321\" srcset=\"https:\/\/www.svdjk-kleinenberg.de\/wp-content\/uploads\/2023\/07\/image-1-768x1024.jpeg 768w, https:\/\/www.svdjk-kleinenberg.de\/wp-content\/uploads\/2023\/07\/image-1-225x300.jpeg 225w, https:\/\/www.svdjk-kleinenberg.de\/wp-content\/uploads\/2023\/07\/image-1-1152x1536.jpeg 1152w, https:\/\/www.svdjk-kleinenberg.de\/wp-content\/uploads\/2023\/07\/image-1-1200x1600.jpeg 1200w, https:\/\/www.svdjk-kleinenberg.de\/wp-content\/uploads\/2023\/07\/image-1.jpeg 1536w\" sizes=\"(max-width: 241px) 85vw, 241px\" \/><\/figure>\n<\/div>\n\n\n<p>Bei tollem Sommerwetter klang der Abend stimmungsvoll<a><\/a>&nbsp;am Lagerfeuer mit Stockbrot aus und es ging sp\u00e4ter noch auf eine Nachtwanderung durch das Dorf.&nbsp;Nach mehreren Jahren ohne ein solches Angebot wird dieses gelungene Wochenende sicher bald eine weitere Auflage erfahren. Unser Sportgel\u00e4nde mit dem sanierten Sportheim bietet daf\u00fcr sehr gute Voraussetzungen.<\/p>\n","protected":false},"excerpt":{"rendered":"<p>Wenn\u00a0Kinder trotz Ferienlagerstimmung\u00a0abends ziemlich \u201ekaputt\u201c ins Bett fallen, dann war viel los am Tag.\u00a0So blieben die Kinder beim Erlebnis-Wochenende vor wenigen Tagen nat\u00fcrlich l\u00e4nger auf als sonst, dennoch trat die Nachtruhe in der Turnhalle relativ\u00a0schnell ein. Viele Eindr\u00fccke und ganz viel Bewegung sorgten f\u00fcr einen tiefen Schlaf, ehe es am Sonntagmorgen im Mehrzweckraum zum Fr\u00fchst\u00fccken &hellip; <a href=\"https:\/\/www.svdjk-kleinenberg.de\/index.php\/2023\/07\/11\/hoch-die-haende-kinder-erlebnis-wochenende\/\" class=\"more-link\"><span class=\"screen-reader-text\">\u201eHoch die H\u00e4nde \u2013 Kinder-Erlebnis-Wochenende!\u201c <\/span>weiterlesen<\/a><\/p>\n","protected":false},"author":1,"featured_media":0,"comment_status":"closed","ping_status":"open","sticky":false,"template":"","format":"standard","meta":{"_seopress_robots_primary_cat":"none","_seopress_titles_title":"","_seopress_titles_desc":"","_seopress_robots_index":"","ngg_post_thumbnail":0,"footnotes":""},"categories":[1],"tags":[],"class_list":["post-2214","post","type-post","status-publish","format-standard","hentry","category-aktuell"],"_links":{"self":[{"href":"https:\/\/www.svdjk-kleinenberg.de\/index.php\/wp-json\/wp\/v2\/posts\/2214","targetHints":{"allow":["GET"]}}],"collection":[{"href":"https:\/\/www.svdjk-kleinenberg.de\/index.php\/wp-json\/wp\/v2\/posts"}],"about":[{"href":"https:\/\/www.svdjk-kleinenberg.de\/index.php\/wp-json\/wp\/v2\/types\/post"}],"author":[{"embeddable":true,"href":"https:\/\/www.svdjk-kleinenberg.de\/index.php\/wp-json\/wp\/v2\/users\/1"}],"replies":[{"embeddable":true,"href":"https:\/\/www.svdjk-kleinenberg.de\/index.php\/wp-json\/wp\/v2\/comments?post=2214"}],"version-history":[{"count":1,"href":"https:\/\/www.svdjk-kleinenberg.de\/index.php\/wp-json\/wp\/v2\/posts\/2214\/revisions"}],"predecessor-version":[{"id":2219,"href":"https:\/\/www.svdjk-kleinenberg.de\/index.php\/wp-json\/wp\/v2\/posts\/2214\/revisions\/2219"}],"wp:attachment":[{"href":"https:\/\/www.svdjk-kleinenberg.de\/index.php\/wp-json\/wp\/v2\/media?parent=2214"}],"wp:term":[{"taxonomy":"category","embeddable":true,"href":"https:\/\/www.svdjk-kleinenberg.de\/index.php\/wp-json\/wp\/v2\/categories?post=2214"},{"taxonomy":"post_tag","embeddable":true,"href":"https:\/\/www.svdjk-kleinenberg.de\/index.php\/wp-json\/wp\/v2\/tags?post=2214"}],"curies":[{"name":"wp","href":"https:\/\/api.w.org\/{rel}","templated":true}]}}