{"id":2278,"date":"2023-08-18T15:15:00","date_gmt":"2023-08-18T13:15:00","guid":{"rendered":"https:\/\/www.svdjk-kleinenberg.de\/?p=2278"},"modified":"2023-08-23T12:19:31","modified_gmt":"2023-08-23T10:19:31","slug":"e-jugend-wird-8-bei-den-kreismeisterschaften-2","status":"publish","type":"post","link":"https:\/\/www.svdjk-kleinenberg.de\/index.php\/2023\/08\/18\/e-jugend-wird-8-bei-den-kreismeisterschaften-2\/","title":{"rendered":"E-Jugend wird 8. bei den Kreismeisterschaften"},"content":{"rendered":"\n<p>(rk) Zum Auftakt der neuen Spielserie wurden am Tag des Jugendfu\u00dfballs vom 12. bis 13. August die Kreismeisterschaften der E-Jugend auf dem Sportgel\u00e4nde des SC GW Anreppen ausgetragen.<\/p>\n\n\n<div class=\"wp-block-image\">\n<figure class=\"alignleft size-full is-resized\"><img fetchpriority=\"high\" decoding=\"async\" src=\"https:\/\/www.svdjk-kleinenberg.de\/wp-content\/uploads\/2023\/08\/IMG-20230813-WA0009.jpg\" alt=\"\" class=\"wp-image-2253\" style=\"width:315px;height:236px\" width=\"315\" height=\"236\" srcset=\"https:\/\/www.svdjk-kleinenberg.de\/wp-content\/uploads\/2023\/08\/IMG-20230813-WA0009.jpg 1024w, https:\/\/www.svdjk-kleinenberg.de\/wp-content\/uploads\/2023\/08\/IMG-20230813-WA0009-300x225.jpg 300w, https:\/\/www.svdjk-kleinenberg.de\/wp-content\/uploads\/2023\/08\/IMG-20230813-WA0009-768x576.jpg 768w\" sizes=\"(max-width: 315px) 85vw, 315px\" \/><\/figure>\n<\/div>\n\n\n<p>48 Mannschaften aufgeteilt auf 8 Gruppen k\u00e4mpften an den beiden Tagen um den Pokal des Kreismeisters und auch die E-Jugend der JSG Sauertal-Kleinenberg mit Trainer Rainer Kropff wollte ein gutes Bild abgeben.<\/p>\n\n\n\n<p>Die erste Gruppenphase wurde im Modus \u201eJeder gegen Jeden\u201c bei einer Spielzeit von 10 Minuten pro Spiel durchgef\u00fchrt. Wenig Zeit um einem R\u00fcckstand hinterherzulaufen und so wurde das Motto \u201eVollgas\u201c ausgegeben. Nachdem die Mannschaft aus Mantinghausen nicht angetreten war, konnte im darauffolgenden Spiel der SV Upsprunge klar mit 4:0 besiegt werden. Anschlie\u00dfend ging es gegen die j\u00fcngere Mannschaft des TuS Sennelager II, die mit 2:0 besiegt werden konnte. Es folgte der TSV Wewer, wo die Mannschaft ein wenig vom Gas ging und das Spiel mit 0:2 verlor. Zum Schluss folgte das Endspiel um den Einzug in die Endrunde gegen FC Westerloh-Lippling. Wie in einem richtigen Endspiel sorgte ein heftiger Wolkenbruch kurz vor und w\u00e4hrend des Spiels f\u00fcr die richtige Bew\u00e4sserung des Untergrundes und das besondere \u201eFlair. Klitschnass wurde der Gegner mit 4:0 besiegt und der Einzug in die Zwischenrunde war gesichert.<\/p>\n\n\n\n<!--more-->\n\n\n\n<p>Am n\u00e4chsten Tag reiste man mit gemischten Gef\u00fchlen nach Anreppen, da der ein oder andere am Vortag den Parkplatz nicht ohne die Hilfe landwirtschaftlicher Fahrzeuge verlassen konnte. Nachdem die Parkplatzwahl sorgf\u00e4ltig gepr\u00fcft wurde, konnten die Spiele beginnen.<\/p>\n\n\n\n<p>Die Zwischenrunde wurde wiederum in 4 Gruppen zu 4 Mannschaften ausgespielt und die Kicker aus dem Sauertal bekamen es in der Gruppenphase mit TuRa Elsen, SC Borchen II und SV RW Haaren zu tun. Diesmal war die Vorgabe ebenfalls klar: es sollte wenigstens ein Spiel gewonnen werden.<\/p>\n\n\n\n<p>Heraus kamen zwei Unentschieden gegen Elsen und Borchen und im letzten Spiel ein 1:0-Sieg gegen Haaren. Da war er, der gew\u00fcnschte Sieg, und noch dazu hatte man kein Spiel verloren. Voller Stolz, aber wissentlich, dass man mit zwei Unentschieden nicht Gruppenerster werden konnte, war man sich sicher, die Zelte abbrechen zu k\u00f6nnen.&nbsp;<\/p>\n\n\n\n<p>Nach dem Lesen des Kleingedruckten und der Durchsage des Organisators sollten sich dann aber pl\u00f6tzlich alle entt\u00e4uschten K\u00f6pfe in strahlende Gesichter verwandeln, da auch der Gruppenzweite weiterkommen sollte und durch den Lautsprecher der SC Paderborn als neuer Gegner genannt wurde.&nbsp;<\/p>\n\n\n\n<p>Auch hier war die Spielidee dann klar formuliert: \u201eGeht\u2019s raus und habt Spa\u00df\u201c. Ganze drei Minuten konnte man das Spiel offen gestalten, bevor man zun\u00e4chst einen Elfmeter f\u00fcr ein fragliches Handspiel gegen sich bekam und dann das erste Gegentor hinnehmen musste. Dieses viel allerdings nicht durch den Elfmeter, den Torwart Benedikt Fries \u2013 wie in der Gruppenphase auch schon \u2013 gl\u00e4nzend parierte, sondern durch einen wundersch\u00f6nen Treffer im Anschluss des Spiels.<\/p>\n\n\n\n<p>Letztlich musste man sich dem klaren Favoriten mit 0:5 geschlagen geben, was auch v\u00f6llig in Ordnung ging. Was bleibt ist eine wundersch\u00f6ne Erinnerung f\u00fcr Spieler, Trainer und mitgereiste Zuschauer an ein f\u00fcr uns perfektes Wochenende.<\/p>\n\n\n\n<p>Auf dem Platz gek\u00e4mpft hatten: Benedikt Fries, Lauris Freitag, Migual Wall, Mikail Genc, Tim Kropff, Abbas Teymuri, Elias Dreier, Christian Melkon, Matteo Kalloj und Bastian Humberg.<\/p>\n","protected":false},"excerpt":{"rendered":"<p>(rk) Zum Auftakt der neuen Spielserie wurden am Tag des Jugendfu\u00dfballs vom 12. bis 13. August die Kreismeisterschaften der E-Jugend auf dem Sportgel\u00e4nde des SC GW Anreppen ausgetragen. 48 Mannschaften aufgeteilt auf 8 Gruppen k\u00e4mpften an den beiden Tagen um den Pokal des Kreismeisters und auch die E-Jugend der JSG Sauertal-Kleinenberg mit Trainer Rainer Kropff &hellip; <a href=\"https:\/\/www.svdjk-kleinenberg.de\/index.php\/2023\/08\/18\/e-jugend-wird-8-bei-den-kreismeisterschaften-2\/\" class=\"more-link\"><span class=\"screen-reader-text\">\u201eE-Jugend wird 8. bei den Kreismeisterschaften\u201c <\/span>weiterlesen<\/a><\/p>\n","protected":false},"author":1,"featured_media":0,"comment_status":"closed","ping_status":"open","sticky":false,"template":"","format":"standard","meta":{"_seopress_robots_primary_cat":"none","_seopress_titles_title":"","_seopress_titles_desc":"","_seopress_robots_index":"","ngg_post_thumbnail":0,"footnotes":""},"categories":[1],"tags":[],"class_list":["post-2278","post","type-post","status-publish","format-standard","hentry","category-aktuell"],"_links":{"self":[{"href":"https:\/\/www.svdjk-kleinenberg.de\/index.php\/wp-json\/wp\/v2\/posts\/2278","targetHints":{"allow":["GET"]}}],"collection":[{"href":"https:\/\/www.svdjk-kleinenberg.de\/index.php\/wp-json\/wp\/v2\/posts"}],"about":[{"href":"https:\/\/www.svdjk-kleinenberg.de\/index.php\/wp-json\/wp\/v2\/types\/post"}],"author":[{"embeddable":true,"href":"https:\/\/www.svdjk-kleinenberg.de\/index.php\/wp-json\/wp\/v2\/users\/1"}],"replies":[{"embeddable":true,"href":"https:\/\/www.svdjk-kleinenberg.de\/index.php\/wp-json\/wp\/v2\/comments?post=2278"}],"version-history":[{"count":3,"href":"https:\/\/www.svdjk-kleinenberg.de\/index.php\/wp-json\/wp\/v2\/posts\/2278\/revisions"}],"predecessor-version":[{"id":2283,"href":"https:\/\/www.svdjk-kleinenberg.de\/index.php\/wp-json\/wp\/v2\/posts\/2278\/revisions\/2283"}],"wp:attachment":[{"href":"https:\/\/www.svdjk-kleinenberg.de\/index.php\/wp-json\/wp\/v2\/media?parent=2278"}],"wp:term":[{"taxonomy":"category","embeddable":true,"href":"https:\/\/www.svdjk-kleinenberg.de\/index.php\/wp-json\/wp\/v2\/categories?post=2278"},{"taxonomy":"post_tag","embeddable":true,"href":"https:\/\/www.svdjk-kleinenberg.de\/index.php\/wp-json\/wp\/v2\/tags?post=2278"}],"curies":[{"name":"wp","href":"https:\/\/api.w.org\/{rel}","templated":true}]}}