{"id":2371,"date":"2023-09-28T18:00:19","date_gmt":"2023-09-28T16:00:19","guid":{"rendered":"https:\/\/www.svdjk-kleinenberg.de\/?p=2371"},"modified":"2023-09-28T18:00:21","modified_gmt":"2023-09-28T16:00:21","slug":"erfolgreiche-teilnahme-am-klostermannlauf","status":"publish","type":"post","link":"https:\/\/www.svdjk-kleinenberg.de\/index.php\/2023\/09\/28\/erfolgreiche-teilnahme-am-klostermannlauf\/","title":{"rendered":"Erfolgreiche Teilnahme am Klostermannlauf"},"content":{"rendered":"\n<p>In letzter Zeit verzeichnet die Leichtathletik in unserem Verein wieder st\u00e4rkeren Zulauf. Die Abnahme des Sportabzeichens bei der Sportwerbewoche wurde sehr gut angenommen und in den letzten Monaten konnten wir mehrfach \u00fcber Top-Leistungen von blau-wei\u00dfen L\u00e4ufern berichten. Auch am vergangenen Wochenende \u00fcberzeugten mehrere DJKler mit guten Ergebnissen beim Klostermannlauf in Lichtenau.&nbsp;<\/p>\n\n\n\n<p>Von den insgesamt 234 Teilnehmern erreichten die Kleinenberger in ihren jeweiligen Alterklassen sogar Spitzenpl\u00e4tze. So lief Yuna Kazmierczak bei den M\u00e4dchen U8 auf den 3. Platz. Bei den Jungen U10 schafften es sogar vier DJKler auf die vorderen R\u00e4nge: Emil Dubberke wurde 11., Lasse Temme 7. und Michel Mehring kam auf Platz 2 hinter Sieger Ben Hillebrand. Diese Alterklassen mussten 1 200 Meter laufen.<\/p>\n\n\n\n<p>\u00dcber 5 km mit 91 H\u00f6henmetern siegten Mika Dickgreber bei den Jungen U12 und Jonah Dickgreber bei den Jungen U14. Vater Jochen erreichte \u00fcber die 10 km mit 139 H\u00f6henmetern bei&nbsp; den Senioren \u00dc40 Platz 4. Allgemein f\u00fchrten die Strecken mit verschiedenen Unterg\u00fcnden rund um Lichtenau, zum Beispiel durch den Windpark bis Hakenberg und am Naturschutzgebiet Eselsbett vorbei.&nbsp;<\/p>\n\n\n\n<p>Kinder, die sich f\u00fcr die Leichtathletik interessieren, k\u00f6nnen gerne montags ab 17 Uhr&nbsp;zum Training auf dem Sportplatz unter der Leitung von Frederike Becker&nbsp; kommen.<\/p>\n\n\n\n<figure class=\"wp-block-image size-large\"><img fetchpriority=\"high\" decoding=\"async\" width=\"1024\" height=\"768\" src=\"https:\/\/www.svdjk-kleinenberg.de\/wp-content\/uploads\/2023\/09\/IMG_0219-1024x768.jpeg\" alt=\"\" class=\"wp-image-2373\" srcset=\"https:\/\/www.svdjk-kleinenberg.de\/wp-content\/uploads\/2023\/09\/IMG_0219-1024x768.jpeg 1024w, https:\/\/www.svdjk-kleinenberg.de\/wp-content\/uploads\/2023\/09\/IMG_0219-300x225.jpeg 300w, https:\/\/www.svdjk-kleinenberg.de\/wp-content\/uploads\/2023\/09\/IMG_0219-768x576.jpeg 768w, https:\/\/www.svdjk-kleinenberg.de\/wp-content\/uploads\/2023\/09\/IMG_0219-1536x1152.jpeg 1536w, https:\/\/www.svdjk-kleinenberg.de\/wp-content\/uploads\/2023\/09\/IMG_0219-2048x1536.jpeg 2048w, https:\/\/www.svdjk-kleinenberg.de\/wp-content\/uploads\/2023\/09\/IMG_0219-1200x900.jpeg 1200w\" sizes=\"(max-width: 709px) 85vw, (max-width: 909px) 67vw, (max-width: 1362px) 62vw, 840px\" \/><\/figure>\n","protected":false},"excerpt":{"rendered":"<p>In letzter Zeit verzeichnet die Leichtathletik in unserem Verein wieder st\u00e4rkeren Zulauf. Die Abnahme des Sportabzeichens bei der Sportwerbewoche wurde sehr gut angenommen und in den letzten Monaten konnten wir mehrfach \u00fcber Top-Leistungen von blau-wei\u00dfen L\u00e4ufern berichten. Auch am vergangenen Wochenende \u00fcberzeugten mehrere DJKler mit guten Ergebnissen beim Klostermannlauf in Lichtenau.&nbsp; Von den insgesamt 234 &hellip; <a href=\"https:\/\/www.svdjk-kleinenberg.de\/index.php\/2023\/09\/28\/erfolgreiche-teilnahme-am-klostermannlauf\/\" class=\"more-link\"><span class=\"screen-reader-text\">\u201eErfolgreiche Teilnahme am Klostermannlauf\u201c <\/span>weiterlesen<\/a><\/p>\n","protected":false},"author":1,"featured_media":0,"comment_status":"closed","ping_status":"open","sticky":false,"template":"","format":"standard","meta":{"_seopress_robots_primary_cat":"none","_seopress_titles_title":"","_seopress_titles_desc":"","_seopress_robots_index":"","ngg_post_thumbnail":0,"footnotes":""},"categories":[1],"tags":[],"class_list":["post-2371","post","type-post","status-publish","format-standard","hentry","category-aktuell"],"_links":{"self":[{"href":"https:\/\/www.svdjk-kleinenberg.de\/index.php\/wp-json\/wp\/v2\/posts\/2371","targetHints":{"allow":["GET"]}}],"collection":[{"href":"https:\/\/www.svdjk-kleinenberg.de\/index.php\/wp-json\/wp\/v2\/posts"}],"about":[{"href":"https:\/\/www.svdjk-kleinenberg.de\/index.php\/wp-json\/wp\/v2\/types\/post"}],"author":[{"embeddable":true,"href":"https:\/\/www.svdjk-kleinenberg.de\/index.php\/wp-json\/wp\/v2\/users\/1"}],"replies":[{"embeddable":true,"href":"https:\/\/www.svdjk-kleinenberg.de\/index.php\/wp-json\/wp\/v2\/comments?post=2371"}],"version-history":[{"count":1,"href":"https:\/\/www.svdjk-kleinenberg.de\/index.php\/wp-json\/wp\/v2\/posts\/2371\/revisions"}],"predecessor-version":[{"id":2374,"href":"https:\/\/www.svdjk-kleinenberg.de\/index.php\/wp-json\/wp\/v2\/posts\/2371\/revisions\/2374"}],"wp:attachment":[{"href":"https:\/\/www.svdjk-kleinenberg.de\/index.php\/wp-json\/wp\/v2\/media?parent=2371"}],"wp:term":[{"taxonomy":"category","embeddable":true,"href":"https:\/\/www.svdjk-kleinenberg.de\/index.php\/wp-json\/wp\/v2\/categories?post=2371"},{"taxonomy":"post_tag","embeddable":true,"href":"https:\/\/www.svdjk-kleinenberg.de\/index.php\/wp-json\/wp\/v2\/tags?post=2371"}],"curies":[{"name":"wp","href":"https:\/\/api.w.org\/{rel}","templated":true}]}}