{"id":262,"date":"2016-02-01T14:55:53","date_gmt":"2016-02-01T13:55:53","guid":{"rendered":"http:\/\/www.svdjk-kleinenberg.de\/?p=262"},"modified":"2016-02-01T14:55:53","modified_gmt":"2016-02-01T13:55:53","slug":"kleinenberg-feiert-im-konfetti-regen","status":"publish","type":"post","link":"https:\/\/www.svdjk-kleinenberg.de\/index.php\/2016\/02\/01\/kleinenberg-feiert-im-konfetti-regen\/","title":{"rendered":"Kleinenberg feiert im Konfetti-Regen"},"content":{"rendered":"<p>38. Blau-Wei\u00dfe Nacht in vollbesetzter Sch\u00fctzenhalle<\/p>\n<p><a href=\"https:\/\/www.svdjk-kleinenberg.de\/wp-content\/uploads\/2016\/02\/Gruppenfoto-Gardetanz-Abteilung.jpg\" rel=\"attachment wp-att-263\"><img fetchpriority=\"high\" decoding=\"async\" class=\"alignnone size-large wp-image-263\" src=\"https:\/\/www.svdjk-kleinenberg.de\/wp-content\/uploads\/2016\/02\/Gruppenfoto-Gardetanz-Abteilung-1024x487.jpg\" alt=\"Gruppenfoto Gardetanz-Abteilung\" width=\"840\" height=\"399\" srcset=\"https:\/\/www.svdjk-kleinenberg.de\/wp-content\/uploads\/2016\/02\/Gruppenfoto-Gardetanz-Abteilung-1024x487.jpg 1024w, https:\/\/www.svdjk-kleinenberg.de\/wp-content\/uploads\/2016\/02\/Gruppenfoto-Gardetanz-Abteilung-300x143.jpg 300w, https:\/\/www.svdjk-kleinenberg.de\/wp-content\/uploads\/2016\/02\/Gruppenfoto-Gardetanz-Abteilung-768x365.jpg 768w, https:\/\/www.svdjk-kleinenberg.de\/wp-content\/uploads\/2016\/02\/Gruppenfoto-Gardetanz-Abteilung-1200x571.jpg 1200w\" sizes=\"(max-width: 709px) 85vw, (max-width: 909px) 67vw, (max-width: 1362px) 62vw, 840px\" \/><\/a><\/p>\n<p><!--more--><\/p>\n<p>Bis in den fr\u00fchen Morgen feierten unter Regie des Sportvereins DJK Kleinenberg \u00fcber 80 Darsteller\u00a0und rund 500 G\u00e4ste in Kleinenberg eine furiose Karnevalsparty. Insgesamt achtzehn\u00a0Programmpunkte sorgten zuvor unter dem Motto \u201eOb FIFA- oder VW-Skandal &#8211; in Kleinenberg feiern\u00a0wir sauberen Karneval\u201c f\u00fcr karnevalistische Hochkonjuktur. Das Mini-M\u00e4nnerballett als Minions und\u00a0die insgesamt vier Funkengarden des Vereins sorgten gemeinsam mit vier Jazztanzgruppen unter\u00a0tosendem Applaus f\u00fcr restlose Begeisterung im Publikum. Die Lachmuskeln der Anwesenden wurden\u00a0zwischendurch immer wieder durch Sketche strapaziert, mit denen der Festausschuss die heimische\u00a0Wirtschaft gekonnt auf die Schippe nahm. Neben unz\u00e4hligen lachenden gab es dann allerdings auch\u00a0weinende Augen: Nach insgesamt zwanzig Jahren als Moderator beendete Michael Hamm an diesem\u00a0Abend seine B\u00fchnenkarriere und wurde vom Publikum unter gro\u00dfem Applaus verabschiedet. Auch\u00a0Markus Glowik, der viele Jahre ausgew\u00e4hlte Dorfgeschichten als Kleinenberger Bote auf der B\u00fchne\u00a0pr\u00e4sentiert hatte, gab seinen Ausstand. An seiner Stelle traten mit Christian Hamm und Marco\u00a0Sch\u00e4fers zwei w\u00fcrdige Nachfolger, nach deren darauffolgenden Erz\u00e4hlungen im Heute-Journal\u00a0endg\u00fcltig kein Auge mehr trocken blieb. Den stimmungsvollen H\u00f6hepunkt des Abends bot der\u00a0Jugendshowblock, der mit vielen neuen Akteuren unter anderem Modern Talking, Peter Wackel und\u00a0Andrea Berg als musikalische G\u00e4ste reaktivierte. Sp\u00e4testens als deren Auftritt im Konfetti-Regen\u00a0endete und das M\u00e4nnerballett als Schlusspunkt des Programms mit seinen Feuerwehrm\u00e4nnern f\u00fcr\u00a0nackte Tatsachen im Einsatz sorgte, gab es in der Halle kein Halten mehr. Fast wie ein Fazit der\u00a0Veranstaltung fand sich w\u00e4hrend der n\u00e4chsten Tage am Lichtenauer Kreisverkehr in Fahrtrichtung\u00a0Kleinenberg dann auch der Schriftzug \u201eSpa\u00df 7 KM\u201c.<\/p>\n","protected":false},"excerpt":{"rendered":"<p>38. Blau-Wei\u00dfe Nacht in vollbesetzter Sch\u00fctzenhalle<\/p>\n","protected":false},"author":1,"featured_media":0,"comment_status":"closed","ping_status":"open","sticky":false,"template":"","format":"standard","meta":{"_seopress_robots_primary_cat":"","_seopress_titles_title":"","_seopress_titles_desc":"","_seopress_robots_index":"","ngg_post_thumbnail":0,"footnotes":""},"categories":[1],"tags":[],"class_list":["post-262","post","type-post","status-publish","format-standard","hentry","category-aktuell"],"_links":{"self":[{"href":"https:\/\/www.svdjk-kleinenberg.de\/index.php\/wp-json\/wp\/v2\/posts\/262","targetHints":{"allow":["GET"]}}],"collection":[{"href":"https:\/\/www.svdjk-kleinenberg.de\/index.php\/wp-json\/wp\/v2\/posts"}],"about":[{"href":"https:\/\/www.svdjk-kleinenberg.de\/index.php\/wp-json\/wp\/v2\/types\/post"}],"author":[{"embeddable":true,"href":"https:\/\/www.svdjk-kleinenberg.de\/index.php\/wp-json\/wp\/v2\/users\/1"}],"replies":[{"embeddable":true,"href":"https:\/\/www.svdjk-kleinenberg.de\/index.php\/wp-json\/wp\/v2\/comments?post=262"}],"version-history":[{"count":1,"href":"https:\/\/www.svdjk-kleinenberg.de\/index.php\/wp-json\/wp\/v2\/posts\/262\/revisions"}],"predecessor-version":[{"id":264,"href":"https:\/\/www.svdjk-kleinenberg.de\/index.php\/wp-json\/wp\/v2\/posts\/262\/revisions\/264"}],"wp:attachment":[{"href":"https:\/\/www.svdjk-kleinenberg.de\/index.php\/wp-json\/wp\/v2\/media?parent=262"}],"wp:term":[{"taxonomy":"category","embeddable":true,"href":"https:\/\/www.svdjk-kleinenberg.de\/index.php\/wp-json\/wp\/v2\/categories?post=262"},{"taxonomy":"post_tag","embeddable":true,"href":"https:\/\/www.svdjk-kleinenberg.de\/index.php\/wp-json\/wp\/v2\/tags?post=262"}],"curies":[{"name":"wp","href":"https:\/\/api.w.org\/{rel}","templated":true}]}}