{"id":3575,"date":"2025-06-06T23:09:39","date_gmt":"2025-06-06T21:09:39","guid":{"rendered":"https:\/\/www.svdjk-kleinenberg.de\/?p=3575"},"modified":"2025-06-06T23:09:41","modified_gmt":"2025-06-06T21:09:41","slug":"hoch-solln-sie-leben","status":"publish","type":"post","link":"https:\/\/www.svdjk-kleinenberg.de\/index.php\/2025\/06\/06\/hoch-solln-sie-leben\/","title":{"rendered":"Hoch soll&#8217;n sie leben!"},"content":{"rendered":"\n<p>Das Pfingstwochenende liegt vor uns und damit ein H\u00f6hepunkt eines jeden Jahres: unser Heimatort feiert Sch\u00fctzenfest. Regiert werden die St. Sebastian Sch\u00fctzenbr\u00fcder in diesem Jahr von K\u00f6nig Julian Dissen und K\u00f6nigin Laurena Freund.<\/p>\n\n\n\n<figure class=\"wp-block-image size-full\"><img fetchpriority=\"high\" decoding=\"async\" width=\"476\" height=\"666\" src=\"https:\/\/www.svdjk-kleinenberg.de\/wp-content\/uploads\/2025\/06\/image-4.png\" alt=\"\" class=\"wp-image-3577\" srcset=\"https:\/\/www.svdjk-kleinenberg.de\/wp-content\/uploads\/2025\/06\/image-4.png 476w, https:\/\/www.svdjk-kleinenberg.de\/wp-content\/uploads\/2025\/06\/image-4-214x300.png 214w\" sizes=\"(max-width: 476px) 85vw, 476px\" \/><\/figure>\n\n\n\n<p>Der Sportverein freut sich ganz besonders f\u00fcr die jungen Regenten, denn Julian ist f\u00fcr Blau-Wei\u00df im M\u00e4nnerballett aktiv, war Torwart, hilft gerne bei verschiedenen Arbeiten und ist Stammgast bei den Heimspielen. Laurena tanzt bei den Blau-Wei\u00dfen Funken und engagiert sich im Jugendausschuss. Neben den beiden ist auch der gesamte Hofstaat Teil unserer DJK &#8211; ob im M\u00e4nnerballett, in den Garden oder den Fu\u00dfballteams!<\/p>\n\n\n\n<p>Wir gratulieren Julian recht herzlich und w\u00fcnschen ihm mit seiner K\u00f6nigin Laurena und dem Hofstaat, den Sch\u00fctzenbr\u00fcdern und allen Kleinenbergern ein tolles Sch\u00fctzenfest!<\/p>\n","protected":false},"excerpt":{"rendered":"<p>Das Pfingstwochenende liegt vor uns und damit ein H\u00f6hepunkt eines jeden Jahres: unser Heimatort feiert Sch\u00fctzenfest. Regiert werden die St. Sebastian Sch\u00fctzenbr\u00fcder in diesem Jahr von K\u00f6nig Julian Dissen und K\u00f6nigin Laurena Freund. Der Sportverein freut sich ganz besonders f\u00fcr die jungen Regenten, denn Julian ist f\u00fcr Blau-Wei\u00df im M\u00e4nnerballett aktiv, war Torwart, hilft gerne &hellip; <a href=\"https:\/\/www.svdjk-kleinenberg.de\/index.php\/2025\/06\/06\/hoch-solln-sie-leben\/\" class=\"more-link\"><span class=\"screen-reader-text\">\u201eHoch soll&#8217;n sie leben!\u201c <\/span>weiterlesen<\/a><\/p>\n","protected":false},"author":1,"featured_media":0,"comment_status":"closed","ping_status":"open","sticky":false,"template":"","format":"standard","meta":{"_seopress_robots_primary_cat":"none","_seopress_titles_title":"","_seopress_titles_desc":"","_seopress_robots_index":"","ngg_post_thumbnail":0,"footnotes":""},"categories":[1],"tags":[],"class_list":["post-3575","post","type-post","status-publish","format-standard","hentry","category-aktuell"],"_links":{"self":[{"href":"https:\/\/www.svdjk-kleinenberg.de\/index.php\/wp-json\/wp\/v2\/posts\/3575","targetHints":{"allow":["GET"]}}],"collection":[{"href":"https:\/\/www.svdjk-kleinenberg.de\/index.php\/wp-json\/wp\/v2\/posts"}],"about":[{"href":"https:\/\/www.svdjk-kleinenberg.de\/index.php\/wp-json\/wp\/v2\/types\/post"}],"author":[{"embeddable":true,"href":"https:\/\/www.svdjk-kleinenberg.de\/index.php\/wp-json\/wp\/v2\/users\/1"}],"replies":[{"embeddable":true,"href":"https:\/\/www.svdjk-kleinenberg.de\/index.php\/wp-json\/wp\/v2\/comments?post=3575"}],"version-history":[{"count":1,"href":"https:\/\/www.svdjk-kleinenberg.de\/index.php\/wp-json\/wp\/v2\/posts\/3575\/revisions"}],"predecessor-version":[{"id":3578,"href":"https:\/\/www.svdjk-kleinenberg.de\/index.php\/wp-json\/wp\/v2\/posts\/3575\/revisions\/3578"}],"wp:attachment":[{"href":"https:\/\/www.svdjk-kleinenberg.de\/index.php\/wp-json\/wp\/v2\/media?parent=3575"}],"wp:term":[{"taxonomy":"category","embeddable":true,"href":"https:\/\/www.svdjk-kleinenberg.de\/index.php\/wp-json\/wp\/v2\/categories?post=3575"},{"taxonomy":"post_tag","embeddable":true,"href":"https:\/\/www.svdjk-kleinenberg.de\/index.php\/wp-json\/wp\/v2\/tags?post=3575"}],"curies":[{"name":"wp","href":"https:\/\/api.w.org\/{rel}","templated":true}]}}