{"id":3656,"date":"2025-07-10T20:55:10","date_gmt":"2025-07-10T18:55:10","guid":{"rendered":"https:\/\/www.svdjk-kleinenberg.de\/?p=3656"},"modified":"2025-07-10T20:55:12","modified_gmt":"2025-07-10T18:55:12","slug":"fussball-herren-beginnen-mit-vorbereitungsphase","status":"publish","type":"post","link":"https:\/\/www.svdjk-kleinenberg.de\/index.php\/2025\/07\/10\/fussball-herren-beginnen-mit-vorbereitungsphase\/","title":{"rendered":"Fu\u00dfball-Herren beginnen mit Vorbereitungsphase"},"content":{"rendered":"\n<p>In der R\u00fcckrunde der letzten Serie steigerte sich die Erste im Vergleich zur durchwachsenen ersten Saisonh\u00e4lfte im Gro\u00dfen und Ganzen schon merklich. Daran will das Team auch in der bevorstehenden neuen Spielzeit ankn\u00fcpfen. \u00dcber allem steht Weiterentwicklung und die Bereitschaft, in allen Belangen und an sich selbst zu arbeiten, um die Voraussetzung f\u00fcr den gr\u00f6\u00dftm\u00f6glichen Erfolg zu schaffen.<\/p>\n\n\n<div class=\"wp-block-image\">\n<figure class=\"alignright size-large is-resized\"><img fetchpriority=\"high\" decoding=\"async\" width=\"776\" height=\"1024\" src=\"https:\/\/www.svdjk-kleinenberg.de\/wp-content\/uploads\/2025\/07\/image-2-776x1024.png\" alt=\"\" class=\"wp-image-3659\" style=\"width:238px;height:auto\" srcset=\"https:\/\/www.svdjk-kleinenberg.de\/wp-content\/uploads\/2025\/07\/image-2-776x1024.png 776w, https:\/\/www.svdjk-kleinenberg.de\/wp-content\/uploads\/2025\/07\/image-2-227x300.png 227w, https:\/\/www.svdjk-kleinenberg.de\/wp-content\/uploads\/2025\/07\/image-2-768x1013.png 768w, https:\/\/www.svdjk-kleinenberg.de\/wp-content\/uploads\/2025\/07\/image-2.png 981w\" sizes=\"(max-width: 709px) 85vw, (max-width: 909px) 67vw, (max-width: 984px) 61vw, (max-width: 1362px) 45vw, 600px\" \/><\/figure>\n<\/div>\n\n\n<p>Dabei \u00e4ndert sich in der Struktur der SG Sauertal etwas Wesentliches: die Erste Mannschaft setzt sich nun aus Kleinenberger Spielern zusammen und wird Training und auch alle Spiele an der Kleinenberger Rosenstra\u00dfe absolvieren. Dabei wurde die Mannschaft in die Kreisliga C2 eingruppiert, die sich zum \u00fcberwiegenden Teil als Vereinen des Paderborner Raums zusammensetzt, w\u00e4hrend die SG II in der B\u00fcrener Staffel aufl\u00e4uft. An der Seitenlinie bleibt Patrick Grziwotz weiter als Trainer in der sportlichen Verantwortung.<\/p>\n\n\n<div class=\"wp-block-image\">\n<figure class=\"alignleft size-large is-resized\"><img decoding=\"async\" width=\"1024\" height=\"813\" src=\"https:\/\/www.svdjk-kleinenberg.de\/wp-content\/uploads\/2025\/07\/image-4-1024x813.png\" alt=\"\" class=\"wp-image-3661\" style=\"width:280px;height:auto\" srcset=\"https:\/\/www.svdjk-kleinenberg.de\/wp-content\/uploads\/2025\/07\/image-4-1024x813.png 1024w, https:\/\/www.svdjk-kleinenberg.de\/wp-content\/uploads\/2025\/07\/image-4-300x238.png 300w, https:\/\/www.svdjk-kleinenberg.de\/wp-content\/uploads\/2025\/07\/image-4-768x610.png 768w, https:\/\/www.svdjk-kleinenberg.de\/wp-content\/uploads\/2025\/07\/image-4-1536x1220.png 1536w, https:\/\/www.svdjk-kleinenberg.de\/wp-content\/uploads\/2025\/07\/image-4-1200x953.png 1200w, https:\/\/www.svdjk-kleinenberg.de\/wp-content\/uploads\/2025\/07\/image-4.png 2048w\" sizes=\"(max-width: 709px) 85vw, (max-width: 909px) 67vw, (max-width: 1362px) 62vw, 840px\" \/><\/figure>\n<\/div>\n\n\n<p>Anfang Juli bat er die Blau-Wei\u00dfen Kicker zum Vorbereitungsauftakt. Neben Neuzugang Dennis Ottensmann, der bereits seit dem Fr\u00fchjahr in der Abwehr aufl\u00e4uft, kommt auch Lewis Schr\u00f6der aus der A-Jugend fest zur Mannschaft. Erfreulich aus Vereinssicht ist zudem, dass mit Ferris Dickgreber und Lukas Kreutzmann zwei junge Spieler reaktiviert werden konnten. Moritz Held wird zun\u00e4chst die Vorbereitung bestreiten. Leider verletzte sich Torh\u00fcter Jannik Pottmeier vor Start schwer am Knie und f\u00e4llt zun\u00e4chst aus. Insgesamt wird es in diesem Jahr auch darauf ankommen, als Kollektiv zu wachsen und gemeinsam Herausforderungen zu meistern.<\/p>\n\n\n\n<p>Mit einem straffen Programm sollen in den n\u00e4chsten Wochen die Grundlagen f\u00fcr eine positive Stimmung und Saison erarbeitet werden. Drei Trainingseinheiten und ein Spiel pro Woche sind angesetzt und die Beteiligung und Mitarbeit in den ersten Einheiten war bereits gut.<\/p>\n\n\n\n<p>Testspiele finden am<\/p>\n\n\n\n<ul class=\"wp-block-list\">\n<li>10. Juli um 19 Uhr gegen Scherfede\/Rimbeck<\/li>\n\n\n\n<li>17. Juli um 19 Uhr gegen SpVg Egge II<\/li>\n\n\n\n<li>24. Juli um 19 Uhr gegen SG N\u00f6rde\/Ossendorf<\/li>\n\n\n\n<li>30. Juli um 19 Uhr gegen BSV F\u00fcrstenberg<\/li>\n<\/ul>\n\n\n\n<p>Statt. Die 1. Kreispokalrunde ist am 3. August angesetzt. Die Saison beginnt erst am 24. August, da die Staffel mittlerweile auf 12 Vereine geschrumpft ist.<\/p>\n","protected":false},"excerpt":{"rendered":"<p>In der R\u00fcckrunde der letzten Serie steigerte sich die Erste im Vergleich zur durchwachsenen ersten Saisonh\u00e4lfte im Gro\u00dfen und Ganzen schon merklich. Daran will das Team auch in der bevorstehenden neuen Spielzeit ankn\u00fcpfen. \u00dcber allem steht Weiterentwicklung und die Bereitschaft, in allen Belangen und an sich selbst zu arbeiten, um die Voraussetzung f\u00fcr den gr\u00f6\u00dftm\u00f6glichen &hellip; <a href=\"https:\/\/www.svdjk-kleinenberg.de\/index.php\/2025\/07\/10\/fussball-herren-beginnen-mit-vorbereitungsphase\/\" class=\"more-link\"><span class=\"screen-reader-text\">\u201eFu\u00dfball-Herren beginnen mit Vorbereitungsphase\u201c <\/span>weiterlesen<\/a><\/p>\n","protected":false},"author":1,"featured_media":0,"comment_status":"closed","ping_status":"open","sticky":false,"template":"","format":"standard","meta":{"_seopress_robots_primary_cat":"none","_seopress_titles_title":"","_seopress_titles_desc":"","_seopress_robots_index":"","ngg_post_thumbnail":0,"footnotes":""},"categories":[1],"tags":[],"class_list":["post-3656","post","type-post","status-publish","format-standard","hentry","category-aktuell"],"_links":{"self":[{"href":"https:\/\/www.svdjk-kleinenberg.de\/index.php\/wp-json\/wp\/v2\/posts\/3656","targetHints":{"allow":["GET"]}}],"collection":[{"href":"https:\/\/www.svdjk-kleinenberg.de\/index.php\/wp-json\/wp\/v2\/posts"}],"about":[{"href":"https:\/\/www.svdjk-kleinenberg.de\/index.php\/wp-json\/wp\/v2\/types\/post"}],"author":[{"embeddable":true,"href":"https:\/\/www.svdjk-kleinenberg.de\/index.php\/wp-json\/wp\/v2\/users\/1"}],"replies":[{"embeddable":true,"href":"https:\/\/www.svdjk-kleinenberg.de\/index.php\/wp-json\/wp\/v2\/comments?post=3656"}],"version-history":[{"count":1,"href":"https:\/\/www.svdjk-kleinenberg.de\/index.php\/wp-json\/wp\/v2\/posts\/3656\/revisions"}],"predecessor-version":[{"id":3662,"href":"https:\/\/www.svdjk-kleinenberg.de\/index.php\/wp-json\/wp\/v2\/posts\/3656\/revisions\/3662"}],"wp:attachment":[{"href":"https:\/\/www.svdjk-kleinenberg.de\/index.php\/wp-json\/wp\/v2\/media?parent=3656"}],"wp:term":[{"taxonomy":"category","embeddable":true,"href":"https:\/\/www.svdjk-kleinenberg.de\/index.php\/wp-json\/wp\/v2\/categories?post=3656"},{"taxonomy":"post_tag","embeddable":true,"href":"https:\/\/www.svdjk-kleinenberg.de\/index.php\/wp-json\/wp\/v2\/tags?post=3656"}],"curies":[{"name":"wp","href":"https:\/\/api.w.org\/{rel}","templated":true}]}}