{"id":940,"date":"2020-03-13T10:48:18","date_gmt":"2020-03-13T09:48:18","guid":{"rendered":"https:\/\/www.svdjk-kleinenberg.de\/?p=940"},"modified":"2020-03-13T12:38:16","modified_gmt":"2020-03-13T11:38:16","slug":"achtung","status":"publish","type":"post","link":"https:\/\/www.svdjk-kleinenberg.de\/index.php\/2020\/03\/13\/achtung\/","title":{"rendered":"Aktuelles"},"content":{"rendered":"\n<p><strong>Wir haben uns dazu entschlossen, das gesamte Sportangebot des Vereins bis auf weiteres zu pausieren. Das gilt ab sofort und bleibt bestehen, bis vom Vorstand eine explizit gegenteilige Aussage dazu gemacht wird. Wir beobachten die Situation und bewerten sie regelm\u00e4\u00dfig neu.<\/strong><\/p>\n\n\n\n<p><strong>In dem Zuge sagen wir auch die f\u00fcr die n\u00e4chsten Tage geplanten Veranstaltungen ab. Dazu geh\u00f6ren die Jugendversammlung und das Dart-Turnier am morgigen Samstag, den 14.03. und ebenfalls die Jahreshauptversammlung am kommenden Samstag, den 21.03. <\/strong><\/p>\n\n\n\n<p>Mit dieser drastischen Ma\u00dfnahme folgen wir dem Aufruf der Bundesregierung mit dem Ziel, die Ausbreitung des Virus so gut es geht zu verlangsamen. Das soll dazu dienen, unser Gesundheitssystem nicht durch einen starken Anstieg der Fallzahlen zu \u00fcberlasten. Damit den Menschen, die \u00e4rztliche Hilfe ben\u00f6tigen, weiterhin geholfen werden kann. Es geht hier um eine Frage der gesamtgesellschaftlichen Solidarit\u00e4t und nicht um pers\u00f6nliche Meinung. Daher bitten wir darum, die Entscheidung zu akzeptieren und zu respektieren. Danke!<\/p>\n\n\n\n<p><\/p>\n\n\n\n<div class=\"wp-block-image\"><figure class=\"alignleft size-large is-resized\"><img decoding=\"async\" src=\"https:\/\/www.svdjk-kleinenberg.de\/wp-content\/uploads\/2020\/03\/achtung.jpg\" alt=\"\" class=\"wp-image-947\" width=\"190\" height=\"89\" srcset=\"https:\/\/www.svdjk-kleinenberg.de\/wp-content\/uploads\/2020\/03\/achtung.jpg 800w, https:\/\/www.svdjk-kleinenberg.de\/wp-content\/uploads\/2020\/03\/achtung-300x142.jpg 300w, https:\/\/www.svdjk-kleinenberg.de\/wp-content\/uploads\/2020\/03\/achtung-768x364.jpg 768w\" sizes=\"(max-width: 190px) 85vw, 190px\" \/><\/figure><\/div>\n\n\n\n<hr class=\"wp-block-separator\"\/>\n\n\n\n<p><strong>Auch der Fussball-Spielbetrieb wird eingestellt. <\/strong><\/p>\n\n\n\n<p>Hier die Info des FLVW Paderborn im Wortlaut:<\/p>\n\n\n\n<p>Der FLVW Kreis Paderborn schlie\u00dft sich den Empfehlungen und Weisungen des Landes- und Regionalverbandes an und setzt hiermit s\u00e4mtlichen Spielbetrieb bis einschlie\u00dflich 19. April 2020 aus. Davon betroffen sind alle Pflicht- und Freundschaftsspiele der Junioren, Frauen, Herren und Alte Herren. Gleiches gilt auch f\u00fcr alle sportlichen Veranstaltungen der Leichtathleten und Futsaler, den Schiedsrichteranw\u00e4rterlehrgang und die Schiedsrichterschulung im Monat April, die Instructor-Ausbildung im F+G Bereich, den ersten Block der C-Lizenz Ausbildung, sowie s\u00e4mtliche Trainingsma\u00dfnahmen im Bereich der Talentf\u00f6rderung.<br>Allen Vereinen empfehlen wir zudem den Trainingsbetrieb ebenfalls auszusetzen.<\/p>\n\n\n\n<p>\u00dcber eine m\u00f6gliche Wiedereinsetzung des Spielbetriebes und der Wertung in den jeweiligen Ligen wird zu einem sp\u00e4teren Zeitpunkt entschieden und dann ver\u00f6ffentlicht. Bis dahin bitten wir von Nachfragen abzusehen.<br>Es gilt nun in allen Bereichen mit Bedacht und Besonnenheit zu handeln.<\/p>\n\n\n\n<p><\/p>\n\n\n\n<p>Quelle: <a href=\"https:\/\/www.flvw-kreis-paderborn.de\/nachricht.php?newsid=2619\">https:\/\/www.flvw-kreis-paderborn.de\/nachricht.php?newsid=2619<\/a><\/p>\n","protected":false},"excerpt":{"rendered":"<p>Wir haben uns dazu entschlossen, das gesamte Sportangebot des Vereins bis auf weiteres zu pausieren. Das gilt ab sofort und bleibt bestehen, bis vom Vorstand eine explizit gegenteilige Aussage dazu gemacht wird. Wir beobachten die Situation und bewerten sie regelm\u00e4\u00dfig neu. In dem Zuge sagen wir auch die f\u00fcr die n\u00e4chsten Tage geplanten Veranstaltungen ab. &hellip; <a href=\"https:\/\/www.svdjk-kleinenberg.de\/index.php\/2020\/03\/13\/achtung\/\" class=\"more-link\"><span class=\"screen-reader-text\">\u201eAktuelles\u201c <\/span>weiterlesen<\/a><\/p>\n","protected":false},"author":1,"featured_media":0,"comment_status":"closed","ping_status":"open","sticky":false,"template":"","format":"standard","meta":{"_seopress_robots_primary_cat":"","_seopress_titles_title":"","_seopress_titles_desc":"","_seopress_robots_index":"","ngg_post_thumbnail":0,"footnotes":""},"categories":[1],"tags":[],"class_list":["post-940","post","type-post","status-publish","format-standard","hentry","category-aktuell"],"_links":{"self":[{"href":"https:\/\/www.svdjk-kleinenberg.de\/index.php\/wp-json\/wp\/v2\/posts\/940","targetHints":{"allow":["GET"]}}],"collection":[{"href":"https:\/\/www.svdjk-kleinenberg.de\/index.php\/wp-json\/wp\/v2\/posts"}],"about":[{"href":"https:\/\/www.svdjk-kleinenberg.de\/index.php\/wp-json\/wp\/v2\/types\/post"}],"author":[{"embeddable":true,"href":"https:\/\/www.svdjk-kleinenberg.de\/index.php\/wp-json\/wp\/v2\/users\/1"}],"replies":[{"embeddable":true,"href":"https:\/\/www.svdjk-kleinenberg.de\/index.php\/wp-json\/wp\/v2\/comments?post=940"}],"version-history":[{"count":8,"href":"https:\/\/www.svdjk-kleinenberg.de\/index.php\/wp-json\/wp\/v2\/posts\/940\/revisions"}],"predecessor-version":[{"id":952,"href":"https:\/\/www.svdjk-kleinenberg.de\/index.php\/wp-json\/wp\/v2\/posts\/940\/revisions\/952"}],"wp:attachment":[{"href":"https:\/\/www.svdjk-kleinenberg.de\/index.php\/wp-json\/wp\/v2\/media?parent=940"}],"wp:term":[{"taxonomy":"category","embeddable":true,"href":"https:\/\/www.svdjk-kleinenberg.de\/index.php\/wp-json\/wp\/v2\/categories?post=940"},{"taxonomy":"post_tag","embeddable":true,"href":"https:\/\/www.svdjk-kleinenberg.de\/index.php\/wp-json\/wp\/v2\/tags?post=940"}],"curies":[{"name":"wp","href":"https:\/\/api.w.org\/{rel}","templated":true}]}}